{"id":2909,"date":"2021-08-27T13:15:29","date_gmt":"2021-08-27T11:15:29","guid":{"rendered":"https:\/\/greenalia.es\/actualidad\/greenalia-submits-to-public-information-7-new-wind-farms-in-spain-with-a-total-of-520-mw\/"},"modified":"2023-04-13T20:34:14","modified_gmt":"2023-04-13T18:34:14","slug":"greenalia-submits-to-public-information-7-new-wind-farms-in-spain-with-a-total-of-520-mw","status":"publish","type":"greenalia_news","link":"https:\/\/greenalia.es\/en\/articles\/greenalia-submits-to-public-information-7-new-wind-farms-in-spain-with-a-total-of-520-mw\/","title":{"rendered":"Greenalia submits to public information 7 new wind farms in Spain with a total of 520 MW"},"content":{"rendered":"<ul>\n<li><strong>Borrasca, Boura, Hurac\u00e1n, Mistral, Monz\u00f3n, Nord\u00e9s and Ventisca Projects have been published in the Official Gazette to proceed with the public exhibition procedure<\/strong><\/li>\n<li><strong>The seven projects planned in Galicia total over 500 MW of power <\/strong><\/li>\n<\/ul>\n<p><strong>Greenalia<\/strong> makes progress in the development of its strategic plan taking seven new wind farms (that total more than 500 MW of installed capacity) forward in their permitting process. These are <strong>Borrasca, Boura, Hurac\u00e1n, Mistral, Monz\u00f3n, Nord\u00e9s and Ventisca<\/strong> Wind Farms, all of them planned in Galicia and already made public in the Official Gazette by the Ecological Transition Ministry advancing their public information process.<\/p>\n<p>In the Area of Barbanza, 56 MW and 10 wind turbines<strong> Hurac\u00e1n Wind Farm<\/strong> is projected. Each of which rise 105 meters high and have 150 meters of rotor diameter. This project is located between the municipalities of Bri\u00f3n, Lousame, Noia and Rois.<\/p>\n<p>Between the municipalities of Valdovi\u00f1o, Cerdido and Moeche, 67.2 MW <strong>Nord\u00e9s Wind Farm<\/strong> is located, consisting of 12 wind turbines with the same characteristics as the above mentioned wind farm.<\/p>\n<p><strong>Lugo wind<\/strong><\/p>\n<p>The other five wind farms: Borrasca, Boura, Mistral, Monz\u00f3n and Ventisca are located entirely in the province of Lugo.<\/p>\n<p><strong>Boura Wind Farm<\/strong> of 72.8 MW of nominal power, will be integrated by thirteen wind turbines, 105 meters high and 150 rotor, planned between Abad\u00edn and A Pastoriza. While of 89.6 MW <strong>Ventisca Wind Farm<\/strong>, foresees 16 machines of the same characteristics that will be located in Pol. For its part, 50.4 MW <strong>Monz\u00f3n Wind Farm<\/strong>, will be integrated by nine wind turbines distributed between A Pastoriza and Meira.<\/p>\n<p>In Lugo\u2019s Mari\u00f1a we\u2019ll find <strong>Borrasca Wind Farm<\/strong>, with a 84 MW and the installation of 15 wind turbines of 105 meters high and 150 of rotor diameter between Lugo municipalities of Foz, Lourenz\u00e1 and Mondo\u00f1edo.<br \/>\nFor its part,<strong> Mistral Wind Farm<\/strong>, with a planned power of 100.8 MW, is located in the Lugo municipalities of Xermade, Guitiriz and Vilalba and contemplates the installation of 18 wind turbines of the same dimensions.<\/p>\n<p>The projects permitting processes are completed with the corresponding environmental, archaeological, landscape and avifauna impact studies, which include the corresponding measures for the care and maintenance of the environments and communities from the different perspectives, so that the affection both during construction and the useful life of the parks is the least possible.<\/p>\n<p>Regarding environmental measures, in addition to avoiding areas of special protection and richness of biodiversity, the activation of a restoration plan for the recovery of the areas of impact is included. In this sense, the revegetation of the work areas is foreseen in parallel to the end of the different phases, so that the landscape integration is carried out as soon as possible and thus there is no need to wait for the end of the entire construction process.<\/p>\n<p>In any case, after this Public Information Phase the projects will be adapted to the environmental and heritage recommendations that could be indicated by the different administrations in their respective reports for the proper development of the installation and, at the same time, seeking the maximum social consensus and respect for the environment.<\/p>\n","protected":false},"excerpt":{"rendered":"<p>Borrasca, Boura, Hurac\u00e1n, Mistral, Monz\u00f3n, Nord\u00e9s and Ventisca Projects have been published in the Official Gazette to proceed with the public exhibition procedure The seven projects planned in Galicia total over 500 MW of power Greenalia makes progress in the development of its strategic plan taking seven new wind farms (that total more than 500 [&hellip;]<\/p>\n","protected":false},"featured_media":5821,"menu_order":0,"template":"","categories":[308,307,311],"class_list":["post-2909","greenalia_news","type-greenalia_news","status-publish","has-post-thumbnail","hentry","category-business-en","category-news","category-wind"],"acf":[],"yoast_head":"<!-- This site is optimized with the Yoast SEO plugin v25.8 - https:\/\/yoast.com\/wordpress\/plugins\/seo\/ -->\n<title>Boura Wind Farm<\/title>\n<meta name=\"description\" content=\"Boura Wind Farm of 72.8 MW of nominal power, will be integrated by thirteen wind turbines, 105 meters high and 150 rotor,\" \/>\n<meta name=\"robots\" content=\"index, follow, max-snippet:-1, max-image-preview:large, max-video-preview:-1\" \/>\n<link rel=\"canonical\" href=\"https:\/\/greenalia.es\/en\/articles\/greenalia-submits-to-public-information-7-new-wind-farms-in-spain-with-a-total-of-520-mw\/\" \/>\n<meta property=\"og:locale\" content=\"en_US\" \/>\n<meta property=\"og:type\" content=\"article\" \/>\n<meta property=\"og:title\" content=\"Boura Wind Farm\" \/>\n<meta property=\"og:description\" content=\"Boura Wind Farm of 72.8 MW of nominal power, will be integrated by thirteen wind turbines, 105 meters high and 150 rotor,\" \/>\n<meta property=\"og:url\" content=\"https:\/\/greenalia.es\/en\/articles\/greenalia-submits-to-public-information-7-new-wind-farms-in-spain-with-a-total-of-520-mw\/\" \/>\n<meta property=\"og:site_name\" content=\"Greenalia\" \/>\n<meta property=\"article:modified_time\" content=\"2023-04-13T18:34:14+00:00\" \/>\n<meta property=\"og:image\" content=\"https:\/\/greenalia.es\/wp-content\/uploads\/2021\/08\/7-nuevos-parques-eolicos-1.png\" \/>\n\t<meta property=\"og:image:width\" content=\"960\" \/>\n\t<meta property=\"og:image:height\" content=\"637\" \/>\n\t<meta property=\"og:image:type\" content=\"image\/png\" \/>\n<meta name=\"twitter:card\" content=\"summary_large_image\" \/>\n<meta name=\"twitter:label1\" content=\"Est. reading time\" \/>\n\t<meta name=\"twitter:data1\" content=\"3 minutes\" \/>\n<script type=\"application\/ld+json\" class=\"yoast-schema-graph\">{\"@context\":\"https:\/\/schema.org\",\"@graph\":[{\"@type\":\"WebPage\",\"@id\":\"https:\/\/greenalia.es\/en\/articles\/greenalia-submits-to-public-information-7-new-wind-farms-in-spain-with-a-total-of-520-mw\/\",\"url\":\"https:\/\/greenalia.es\/en\/articles\/greenalia-submits-to-public-information-7-new-wind-farms-in-spain-with-a-total-of-520-mw\/\",\"name\":\"Boura Wind Farm\",\"isPartOf\":{\"@id\":\"https:\/\/greenalia.es\/en\/#website\"},\"primaryImageOfPage\":{\"@id\":\"https:\/\/greenalia.es\/en\/articles\/greenalia-submits-to-public-information-7-new-wind-farms-in-spain-with-a-total-of-520-mw\/#primaryimage\"},\"image\":{\"@id\":\"https:\/\/greenalia.es\/en\/articles\/greenalia-submits-to-public-information-7-new-wind-farms-in-spain-with-a-total-of-520-mw\/#primaryimage\"},\"thumbnailUrl\":\"https:\/\/greenalia.es\/wp-content\/uploads\/2021\/08\/7-nuevos-parques-eolicos-1.png\",\"datePublished\":\"2021-08-27T11:15:29+00:00\",\"dateModified\":\"2023-04-13T18:34:14+00:00\",\"description\":\"Boura Wind Farm of 72.8 MW of nominal power, will be integrated by thirteen wind turbines, 105 meters high and 150 rotor,\",\"inLanguage\":\"en-US\",\"potentialAction\":[{\"@type\":\"ReadAction\",\"target\":[\"https:\/\/greenalia.es\/en\/articles\/greenalia-submits-to-public-information-7-new-wind-farms-in-spain-with-a-total-of-520-mw\/\"]}]},{\"@type\":\"ImageObject\",\"inLanguage\":\"en-US\",\"@id\":\"https:\/\/greenalia.es\/en\/articles\/greenalia-submits-to-public-information-7-new-wind-farms-in-spain-with-a-total-of-520-mw\/#primaryimage\",\"url\":\"https:\/\/greenalia.es\/wp-content\/uploads\/2021\/08\/7-nuevos-parques-eolicos-1.png\",\"contentUrl\":\"https:\/\/greenalia.es\/wp-content\/uploads\/2021\/08\/7-nuevos-parques-eolicos-1.png\",\"width\":960,\"height\":637},{\"@type\":\"WebSite\",\"@id\":\"https:\/\/greenalia.es\/en\/#website\",\"url\":\"https:\/\/greenalia.es\/en\/\",\"name\":\"Greenalia\",\"description\":\"The Green Company\",\"publisher\":{\"@id\":\"https:\/\/greenalia.es\/en\/#organization\"},\"potentialAction\":[{\"@type\":\"SearchAction\",\"target\":{\"@type\":\"EntryPoint\",\"urlTemplate\":\"https:\/\/greenalia.es\/en\/?s={search_term_string}\"},\"query-input\":{\"@type\":\"PropertyValueSpecification\",\"valueRequired\":true,\"valueName\":\"search_term_string\"}}],\"inLanguage\":\"en-US\"},{\"@type\":\"Organization\",\"@id\":\"https:\/\/greenalia.es\/en\/#organization\",\"name\":\"Greenalia\",\"url\":\"https:\/\/greenalia.es\/en\/\",\"logo\":{\"@type\":\"ImageObject\",\"inLanguage\":\"en-US\",\"@id\":\"https:\/\/greenalia.es\/en\/#\/schema\/logo\/image\/\",\"url\":\"https:\/\/greenalia.es\/wp-content\/uploads\/2025\/04\/images.jpg\",\"contentUrl\":\"https:\/\/greenalia.es\/wp-content\/uploads\/2025\/04\/images.jpg\",\"width\":225,\"height\":225,\"caption\":\"Greenalia\"},\"image\":{\"@id\":\"https:\/\/greenalia.es\/en\/#\/schema\/logo\/image\/\"},\"sameAs\":[\"https:\/\/www.linkedin.com\/company\/11053513\/\",\"https:\/\/www.youtube.com\/channel\/UCBTkVpU6nY2x3mmiRHtyWmg\/featured\"]}]}<\/script>\n<!-- \/ Yoast SEO plugin. -->","yoast_head_json":{"title":"Boura Wind Farm","description":"Boura Wind Farm of 72.8 MW of nominal power, will be integrated by thirteen wind turbines, 105 meters high and 150 rotor,","robots":{"index":"index","follow":"follow","max-snippet":"max-snippet:-1","max-image-preview":"max-image-preview:large","max-video-preview":"max-video-preview:-1"},"canonical":"https:\/\/greenalia.es\/en\/articles\/greenalia-submits-to-public-information-7-new-wind-farms-in-spain-with-a-total-of-520-mw\/","og_locale":"en_US","og_type":"article","og_title":"Boura Wind Farm","og_description":"Boura Wind Farm of 72.8 MW of nominal power, will be integrated by thirteen wind turbines, 105 meters high and 150 rotor,","og_url":"https:\/\/greenalia.es\/en\/articles\/greenalia-submits-to-public-information-7-new-wind-farms-in-spain-with-a-total-of-520-mw\/","og_site_name":"Greenalia","article_modified_time":"2023-04-13T18:34:14+00:00","og_image":[{"width":960,"height":637,"url":"https:\/\/greenalia.es\/wp-content\/uploads\/2021\/08\/7-nuevos-parques-eolicos-1.png","type":"image\/png"}],"twitter_card":"summary_large_image","twitter_misc":{"Est. reading time":"3 minutes"},"schema":{"@context":"https:\/\/schema.org","@graph":[{"@type":"WebPage","@id":"https:\/\/greenalia.es\/en\/articles\/greenalia-submits-to-public-information-7-new-wind-farms-in-spain-with-a-total-of-520-mw\/","url":"https:\/\/greenalia.es\/en\/articles\/greenalia-submits-to-public-information-7-new-wind-farms-in-spain-with-a-total-of-520-mw\/","name":"Boura Wind Farm","isPartOf":{"@id":"https:\/\/greenalia.es\/en\/#website"},"primaryImageOfPage":{"@id":"https:\/\/greenalia.es\/en\/articles\/greenalia-submits-to-public-information-7-new-wind-farms-in-spain-with-a-total-of-520-mw\/#primaryimage"},"image":{"@id":"https:\/\/greenalia.es\/en\/articles\/greenalia-submits-to-public-information-7-new-wind-farms-in-spain-with-a-total-of-520-mw\/#primaryimage"},"thumbnailUrl":"https:\/\/greenalia.es\/wp-content\/uploads\/2021\/08\/7-nuevos-parques-eolicos-1.png","datePublished":"2021-08-27T11:15:29+00:00","dateModified":"2023-04-13T18:34:14+00:00","description":"Boura Wind Farm of 72.8 MW of nominal power, will be integrated by thirteen wind turbines, 105 meters high and 150 rotor,","inLanguage":"en-US","potentialAction":[{"@type":"ReadAction","target":["https:\/\/greenalia.es\/en\/articles\/greenalia-submits-to-public-information-7-new-wind-farms-in-spain-with-a-total-of-520-mw\/"]}]},{"@type":"ImageObject","inLanguage":"en-US","@id":"https:\/\/greenalia.es\/en\/articles\/greenalia-submits-to-public-information-7-new-wind-farms-in-spain-with-a-total-of-520-mw\/#primaryimage","url":"https:\/\/greenalia.es\/wp-content\/uploads\/2021\/08\/7-nuevos-parques-eolicos-1.png","contentUrl":"https:\/\/greenalia.es\/wp-content\/uploads\/2021\/08\/7-nuevos-parques-eolicos-1.png","width":960,"height":637},{"@type":"WebSite","@id":"https:\/\/greenalia.es\/en\/#website","url":"https:\/\/greenalia.es\/en\/","name":"Greenalia","description":"The Green Company","publisher":{"@id":"https:\/\/greenalia.es\/en\/#organization"},"potentialAction":[{"@type":"SearchAction","target":{"@type":"EntryPoint","urlTemplate":"https:\/\/greenalia.es\/en\/?s={search_term_string}"},"query-input":{"@type":"PropertyValueSpecification","valueRequired":true,"valueName":"search_term_string"}}],"inLanguage":"en-US"},{"@type":"Organization","@id":"https:\/\/greenalia.es\/en\/#organization","name":"Greenalia","url":"https:\/\/greenalia.es\/en\/","logo":{"@type":"ImageObject","inLanguage":"en-US","@id":"https:\/\/greenalia.es\/en\/#\/schema\/logo\/image\/","url":"https:\/\/greenalia.es\/wp-content\/uploads\/2025\/04\/images.jpg","contentUrl":"https:\/\/greenalia.es\/wp-content\/uploads\/2025\/04\/images.jpg","width":225,"height":225,"caption":"Greenalia"},"image":{"@id":"https:\/\/greenalia.es\/en\/#\/schema\/logo\/image\/"},"sameAs":["https:\/\/www.linkedin.com\/company\/11053513\/","https:\/\/www.youtube.com\/channel\/UCBTkVpU6nY2x3mmiRHtyWmg\/featured"]}]}},"_links":{"self":[{"href":"https:\/\/greenalia.es\/en\/wp-json\/wp\/v2\/greenalia_news\/2909","targetHints":{"allow":["GET"]}}],"collection":[{"href":"https:\/\/greenalia.es\/en\/wp-json\/wp\/v2\/greenalia_news"}],"about":[{"href":"https:\/\/greenalia.es\/en\/wp-json\/wp\/v2\/types\/greenalia_news"}],"wp:featuredmedia":[{"embeddable":true,"href":"https:\/\/greenalia.es\/en\/wp-json\/wp\/v2\/media\/5821"}],"wp:attachment":[{"href":"https:\/\/greenalia.es\/en\/wp-json\/wp\/v2\/media?parent=2909"}],"wp:term":[{"taxonomy":"category","embeddable":true,"href":"https:\/\/greenalia.es\/en\/wp-json\/wp\/v2\/categories?post=2909"}],"curies":[{"name":"wp","href":"https:\/\/api.w.org\/{rel}","templated":true}]}}